{"id":979,"count":22,"description":"In molti dei nostri <a href=\"\/?page_id=2\">campeggi in Francia<\/a>, ti proponiamo <strong>case mobili accessibili alle persone con mobilit\u00e0 ridotta per le tue vacanze in campeggio<\/strong>!\n\nIn alcune delle nostre strutture troverai anche <strong>posti auto riservati alle persone con mobilit\u00e0 ridotta<\/strong>, oltre ad <strong>accessi senza gradini<\/strong> e\/o con <strong>rampa<\/strong> per raggiungere i vari edifici e le infrastrutture del campeggio.\n\nPer permetterti di goderti il piacere di fare il bagno, alcuni dei nostri campeggi possono metterti a disposizione una <strong>sedia per l\u2019accesso all\u2019acqua<\/strong>.\nInfine, in tutti i nostri campeggi troverai servizi igienici con almeno un <strong>locale dedicato alle persone con mobilit\u00e0 ridotta<\/strong> (WC, doccia e lavandino).\n\nTutto il personale dei nostri campeggi \u00e8 preparato ad accogliere e a soddisfare le esigenze delle <strong>persone con mobilit\u00e0 ridotta<\/strong> ed \u00e8 a tua disposizione per aiutarti al meglio durante il tuo soggiorno in campeggio.","link":"https:\/\/cielavillage.fr\/it\/thematique-campings\/accoglienza-pmr\/","name":"Accesso per persone con mobilit\u00e0 ridotta","slug":"accoglienza-pmr","taxonomy":"thematique","parent":0,"meta":[],"acf":{"visible":false,"a_proximite":false,"intitule_apres_camping_disponible":"","titre_h1":"Campeggi accessibili alle persone con mobilit\u00e0 ridotta","sous-titre":"Vacanze per tutti!","titre_cta":"","texte":"","texte_cache":"","blocs_de_textes":null,"image":11403,"icone":"","titre_points_forts":"","point_fort_1":"","point_fort_2":"","point_fort_3":"","diapo_photos":{"titre":"","texte":"","images":null},"blog":{"titre":"","texte":""},"destinations_similaires":{"titre":"I campeggi per persone con mobilit\u00e0 ridotta in Francia","sous-titre":"","texte":"Nei nostri campeggi, non sono solo le sistemazioni ad essere <strong>adatte<\/strong>, ma anche alcune infrastrutture e servizi offerti ai vacanzieri, come<strong>la reception<\/strong>, il <strong>ristorante<\/strong> e i <strong>servizi igienici<\/strong>, tra le altre cose.\n\nGrazie al<strong>costante miglioramento delle nostre condizioni di accessibilit\u00e0 per le persone con mobilit\u00e0 ridotta<\/strong>, tutti, senza eccezioni, potranno godersi le <strong>vacanze al sole<\/strong>!"},"destinations_en_relation":{"vignettes":[{"destination":1121,"texte_bouton":"Scoprire"},{"destination":942,"texte_bouton":"Scoprire"},{"destination":937,"texte_bouton":"Scoprire"},{"destination":922,"texte_bouton":"Scoprire"},{"destination":1169,"texte_bouton":"Scoprire"}],"texte":""},"j_son_ld":"","avis":{"titre":""},"h2_accordeon":"","accordeon":[{"titre_accordeon":"Quali sono i nostri servizi per le persone con mobilit\u00e0 ridotta?","sous-titre_accordeon":"Infrastrutture accessibili a tutti","texte_accordeon":"In conformit\u00e0 con <strong>le norme di legge<\/strong>, <a href=\"https:\/\/cielavillage.fr\/it\/thematique-campings\/5-stelle\/\">i nostri campeggi a 5 stelle<\/a> dispongono di <strong>diverse dotazioni<\/strong> che consentono alle <strong>persone con mobilit\u00e0 ridotta<\/strong> di <strong>usufruire di una migliore accessibilit\u00e0<\/strong> e di utilizzare al meglio le varie attrezzature e infrastrutture durante le loro vacanze in campeggio.\n\n<strong>Le<\/strong> nostre <strong>case mobili per persone con mobilit\u00e0 ridotta<\/strong> sono <strong>dotate di una rampa di accesso<\/strong> per <strong>facilitare l\u2019ingresso in sedia a rotelle<\/strong>. All\u2019interno<strong>dell\u2019alloggio per persone con mobilit\u00e0 ridotta<\/strong>, anche gli spazi, come la zona giorno, il bagno e i servizi igienici, sono stati <strong>progettati<\/strong> per facilitare la circolazione e garantirti il massimo comfort per tutta la durata del tuo soggiorno. "},{"titre_accordeon":"Scopri le nostre migliori vacanze al mare","sous-titre_accordeon":"Una vacanza in totale tranquillit\u00e0, con i piedi nell'acqua  ","texte_accordeon":"Se hai deciso di <strong>trascorrere le tue prossime vacanze vicino al mare<\/strong> e alla spiaggia per <strong>goderti l'aria aperta<\/strong> e<strong>l'atmosfera accogliente della costa<\/strong>, saremo lieti di accoglierti nei nostri <strong><a href=\"https:\/\/cielavillage.fr\/it\/thematique-campings\/4-stelle\/\">campeggi a 4 stelle<\/a> accessibili alle persone con mobilit\u00e0 ridotta<\/strong>.\n\nSe ti piace la spiaggia e hai voglia di vedere il Mar Mediterraneo, il nostro campeggio Ciela Village Les Marsouins, situato a <a href=\"https:\/\/cielavillage.fr\/it\/camping-par-destination\/occitania-it\/argeles-sur-mer-it\/\"><strong>Argel\u00e8s-sur-Mer<\/strong><\/a>, ti accoglie a braccia aperte! Le <strong>recensioni dei nostri clienti<\/strong> sulla nostra casa mobile della <strong>linea Ciela Confort PMR a 2 camere da letto<\/strong> sono sempre molto positive: una sistemazione ben attrezzata con <strong>un\u2019accessibilit\u00e0 semplificata<\/strong> per<strong>piacevoli vacanze in famiglia<\/strong>, dove puoi <strong>goderti il<a href=\"https:\/\/cielavillage.fr\/it\/thematique-espace-aquatique\/parco-acquatico\/\"> campeggio con il parco acquatico<\/a><\/strong> grazie alla <strong>piscina riscaldata del campeggio<\/strong> e alla <strong>vicinanza alla spiaggia<\/strong>. "},{"titre_accordeon":"Goditi i nostri soggiorni pi\u00f9 belli in campagna","sous-titre_accordeon":"Ricaricati in alloggi su misura per te","texte_accordeon":"Nel cuore delle <strong>Alpi provenzali<\/strong>, immerso in una natura rigogliosa, vicino al famoso <strong>Lago di Sainte-Croix<\/strong>, il <a href=\"https:\/\/cielavillage.fr\/it\/thematique-campings\/accesso-diretto-al-lago\/\">campeggio in riva al lago<\/a> La Farigoulette, a <strong>Saint-Laurent-du-Verdon<\/strong>, con <strong>la<\/strong> sua <strong>piscina riscaldata<\/strong>, e Terra Verdon, a Castellane, con il suo <strong>nuovissimo parco acquatico<\/strong>, ti offrono anche <strong>alloggi<\/strong> <strong>accessibili alle persone con mobilit\u00e0 ridotta<\/strong>, come la <strong>casa mobile con 2 camere da letto<\/strong> della linea Ciela Confort.\n\nUna <strong>sistemazione ideale per chi ha difficolt\u00e0 motorie<\/strong> e vuole godersi appieno il soggiorno nel Verdon e la splendida natura circostante.\n\n<strong>L'accesso diretto al lago a Saint-Laurent-du-Verdon<\/strong> e la vicinanza al <strong>lago di Castillon<\/strong> e al lago di Chaudanne a Castellane faranno la gioia di tutta la famiglia, soprattutto dei bambini!\n\nLiberati da ogni preoccupazione andando in vacanza in un <strong>campeggio accessibile alle persone con disabilit\u00e0<\/strong> e vivi <strong>le<\/strong> tue <strong>vacanze<\/strong> pi\u00f9 <strong>belle con la tua famiglia<\/strong>, i tuoi bambini o i tuoi amici!\n\nPer qualsiasi richiesta di informazioni e\/o domanda pi\u00f9 specifica, ti invitiamo a contattare direttamente il nostro Servizio Prenotazioni per telefono: il nostro staff sar\u00e0 lieto di aiutarti."}]},"yoast_head":"<!-- This site is optimized with the Yoast SEO plugin v28.3 - https:\/\/yoast.com\/product\/yoast-seo-wordpress\/ -->\n<title>camping pmr : campings avec acc\u00e8s PMR pour des vacances accessibles \u00e0 tous !<\/title>\n<meta name=\"description\" content=\"D\u00e9couvrez nos camping am\u00e9nag\u00e9s pour les personnes \u00e0 mobilit\u00e9 r\u00e9duite et r\u00e9servez votre s\u00e9jour dans l&#039;un de nos campings du sud de la france !\" \/>\n<meta name=\"robots\" content=\"index, follow, max-snippet:-1, max-image-preview:large, max-video-preview:-1\" \/>\n<link rel=\"canonical\" href=\"https:\/\/cielavillage.fr\/it\/thematique-campings\/accoglienza-pmr\/\" \/>\n<meta property=\"og:locale\" content=\"it_IT\" \/>\n<meta property=\"og:type\" content=\"article\" \/>\n<meta property=\"og:title\" content=\"camping pmr : campings avec acc\u00e8s PMR pour des vacances accessibles \u00e0 tous !\" \/>\n<meta property=\"og:description\" content=\"D\u00e9couvrez nos camping am\u00e9nag\u00e9s pour les personnes \u00e0 mobilit\u00e9 r\u00e9duite et r\u00e9servez votre s\u00e9jour dans l&#039;un de nos campings du sud de la france !\" \/>\n<meta property=\"og:url\" content=\"https:\/\/cielavillage.fr\/it\/thematique-campings\/accoglienza-pmr\/\" \/>\n<meta property=\"og:site_name\" content=\"Ciela Village\" \/>\n<meta name=\"twitter:card\" content=\"summary_large_image\" \/>\n<script type=\"application\/ld+json\" class=\"yoast-schema-graph\">{\"@context\":\"https:\\\/\\\/schema.org\",\"@graph\":[{\"@type\":\"CollectionPage\",\"@id\":\"https:\\\/\\\/cielavillage.fr\\\/it\\\/thematique-campings\\\/accoglienza-pmr\\\/\",\"url\":\"https:\\\/\\\/cielavillage.fr\\\/it\\\/thematique-campings\\\/accoglienza-pmr\\\/\",\"name\":\"camping pmr : campings avec acc\u00e8s PMR pour des vacances accessibles \u00e0 tous !\",\"isPartOf\":{\"@id\":\"https:\\\/\\\/cielavillage.fr\\\/it\\\/#website\"},\"description\":\"D\u00e9couvrez nos camping am\u00e9nag\u00e9s pour les personnes \u00e0 mobilit\u00e9 r\u00e9duite et r\u00e9servez votre s\u00e9jour dans l'un de nos campings du sud de la france !\",\"breadcrumb\":{\"@id\":\"https:\\\/\\\/cielavillage.fr\\\/it\\\/thematique-campings\\\/accoglienza-pmr\\\/#breadcrumb\"},\"inLanguage\":\"it-IT\"},{\"@type\":\"BreadcrumbList\",\"@id\":\"https:\\\/\\\/cielavillage.fr\\\/it\\\/thematique-campings\\\/accoglienza-pmr\\\/#breadcrumb\",\"itemListElement\":[{\"@type\":\"ListItem\",\"position\":1,\"name\":\"Ciela Village\",\"item\":\"https:\\\/\\\/cielavillage.fr\\\/it\\\/\"},{\"@type\":\"ListItem\",\"position\":2,\"name\":\"Accesso per persone con mobilit\u00e0 ridotta\"}]},{\"@type\":\"WebSite\",\"@id\":\"https:\\\/\\\/cielavillage.fr\\\/it\\\/#website\",\"url\":\"https:\\\/\\\/cielavillage.fr\\\/it\\\/\",\"name\":\"Ciela Village\",\"description\":\"\",\"potentialAction\":[{\"@type\":\"SearchAction\",\"target\":{\"@type\":\"EntryPoint\",\"urlTemplate\":\"https:\\\/\\\/cielavillage.fr\\\/it\\\/?s={search_term_string}\"},\"query-input\":{\"@type\":\"PropertyValueSpecification\",\"valueRequired\":true,\"valueName\":\"search_term_string\"}}],\"inLanguage\":\"it-IT\"}]}<\/script>\n<!-- \/ Yoast SEO plugin. -->","yoast_head_json":{"title":"camping pmr : campings avec acc\u00e8s PMR pour des vacances accessibles \u00e0 tous !","description":"D\u00e9couvrez nos camping am\u00e9nag\u00e9s pour les personnes \u00e0 mobilit\u00e9 r\u00e9duite et r\u00e9servez votre s\u00e9jour dans l'un de nos campings du sud de la france !","robots":{"index":"index","follow":"follow","max-snippet":"max-snippet:-1","max-image-preview":"max-image-preview:large","max-video-preview":"max-video-preview:-1"},"canonical":"https:\/\/cielavillage.fr\/it\/thematique-campings\/accoglienza-pmr\/","og_locale":"it_IT","og_type":"article","og_title":"camping pmr : campings avec acc\u00e8s PMR pour des vacances accessibles \u00e0 tous !","og_description":"D\u00e9couvrez nos camping am\u00e9nag\u00e9s pour les personnes \u00e0 mobilit\u00e9 r\u00e9duite et r\u00e9servez votre s\u00e9jour dans l'un de nos campings du sud de la france !","og_url":"https:\/\/cielavillage.fr\/it\/thematique-campings\/accoglienza-pmr\/","og_site_name":"Ciela Village","twitter_card":"summary_large_image","schema":{"@context":"https:\/\/schema.org","@graph":[{"@type":"CollectionPage","@id":"https:\/\/cielavillage.fr\/it\/thematique-campings\/accoglienza-pmr\/","url":"https:\/\/cielavillage.fr\/it\/thematique-campings\/accoglienza-pmr\/","name":"camping pmr : campings avec acc\u00e8s PMR pour des vacances accessibles \u00e0 tous !","isPartOf":{"@id":"https:\/\/cielavillage.fr\/it\/#website"},"description":"D\u00e9couvrez nos camping am\u00e9nag\u00e9s pour les personnes \u00e0 mobilit\u00e9 r\u00e9duite et r\u00e9servez votre s\u00e9jour dans l'un de nos campings du sud de la france !","breadcrumb":{"@id":"https:\/\/cielavillage.fr\/it\/thematique-campings\/accoglienza-pmr\/#breadcrumb"},"inLanguage":"it-IT"},{"@type":"BreadcrumbList","@id":"https:\/\/cielavillage.fr\/it\/thematique-campings\/accoglienza-pmr\/#breadcrumb","itemListElement":[{"@type":"ListItem","position":1,"name":"Ciela Village","item":"https:\/\/cielavillage.fr\/it\/"},{"@type":"ListItem","position":2,"name":"Accesso per persone con mobilit\u00e0 ridotta"}]},{"@type":"WebSite","@id":"https:\/\/cielavillage.fr\/it\/#website","url":"https:\/\/cielavillage.fr\/it\/","name":"Ciela Village","description":"","potentialAction":[{"@type":"SearchAction","target":{"@type":"EntryPoint","urlTemplate":"https:\/\/cielavillage.fr\/it\/?s={search_term_string}"},"query-input":{"@type":"PropertyValueSpecification","valueRequired":true,"valueName":"search_term_string"}}],"inLanguage":"it-IT"}]}},"_links":{"self":[{"href":"https:\/\/cielavillage.fr\/it\/wp-json\/wp\/v2\/thematique\/979","targetHints":{"allow":["GET"]}}],"collection":[{"href":"https:\/\/cielavillage.fr\/it\/wp-json\/wp\/v2\/thematique"}],"about":[{"href":"https:\/\/cielavillage.fr\/it\/wp-json\/wp\/v2\/taxonomies\/thematique"}],"wp:post_type":[{"href":"https:\/\/cielavillage.fr\/it\/wp-json\/wp\/v2\/posts?thematique=979"}],"curies":[{"name":"wp","href":"https:\/\/api.w.org\/{rel}","templated":true}]}}