{"id":348,"count":11,"description":"Suchen Sie einen <strong>Campingplatz<\/strong> mit <strong>Fahrradverleih<\/strong> in <strong>Frankreich<\/strong>? Dann sind Sie hier genau richtig: <a href=\"https:\/\/cielavillage.fr\"><strong>Ciela Village<\/strong><\/a> ! Unsere <strong>Campingpl\u00e4tze<\/strong> bieten erstklassige, <strong>luxuri\u00f6se<\/strong> <strong>Einrichtungen<\/strong> und <strong>Unterk\u00fcnfte<\/strong>, die sich perfekt f\u00fcr die ganze <strong>Familie eignen.<\/strong> Dar\u00fcber hinaus erm\u00f6glicht Ihnen unser praktischer <strong>Fahrradverleih<\/strong>, alles zu erkunden, was unsere <strong>Campingpl\u00e4tze<\/strong> zu bieten haben, ohne auch nur eine Minute zu verlieren!  Vom Baden und Angeln in unseren unber\u00fchrten Seen bis hin zu Wanderungen und Radtouren durch die malerische franz\u00f6sische <strong>Landschaft<\/strong> \u2013 auf den <strong>Ciela Village-Campingpl\u00e4tzen<\/strong> ist f\u00fcr jeden etwas dabei <strong>.<\/strong> Entdecken Sie also noch heute das Beste, was <strong>das Camping<\/strong> in Frankreich zu bieten hat!\n\nGenie\u00dfen Sie auch unsere <a href=\"\/service-campings\/wifi\/\">campings mit WLAN<\/a>, <a href=\"\/service-campings\/restaurant\/\">campings mit Restaurant<\/a> und <a href=\"\/service-campings\/snack-vente-a-emporter\/\">campings mit Imbiss<\/a>!","link":"https:\/\/cielavillage.fr\/de\/service-campings\/fahrradverleih\/","name":"Fahrradverleih","slug":"fahrradverleih","taxonomy":"service","parent":0,"meta":[],"acf":{"visible":false,"a_proximite":false,"intitule_apres_camping_disponible":{"tfield-intitule":{"apres":{"camping":{"disponible-1217":""}}}},"titre_h1":"s:115:\"s:106:\"s:98:\"s:90:\"a:1:{s:12:\"tfield-titre\";a:1:{s:7:\"h1-1217\";s:36:\"Angebot: Keine Bearbeitungsgeb\u00fchren\";}}\";\";\";\";","sous-titre":"s:51:\"s:43:\"a:1:{s:22:\"tfield-sous-titre-1217\";s:0:\"\";}\";\";","titre_cta":"s:78:\"s:70:\"s:62:\"s:54:\"a:1:{s:12:\"tfield-titre\";a:1:{s:8:\"cta-1217\";s:0:\"\";}}\";\";\";\";","texte":"s:62:\"s:54:\"s:46:\"s:38:\"a:1:{s:17:\"tfield-texte-1217\";s:0:\"\";}\";\";\";\";","texte_cache":"s:81:\"s:73:\"s:65:\"s:57:\"a:1:{s:12:\"tfield-texte\";a:1:{s:10:\"cache-1217\";s:0:\"\";}}\";\";\";\";","blocs_de_textes":null,"image":null,"icone":7277,"titre_points_forts":"s:100:\"s:92:\"s:84:\"s:76:\"a:1:{s:12:\"tfield-titre\";a:1:{s:6:\"points\";a:1:{s:10:\"forts-1217\";s:0:\"\";}}}\";\";\";\";","point_fort_1":"s:93:\"s:85:\"s:77:\"s:69:\"a:1:{s:12:\"tfield-point\";a:1:{s:4:\"fort\";a:1:{s:6:\"1-1217\";s:0:\"\";}}}\";\";\";\";","point_fort_2":"s:93:\"s:85:\"s:77:\"s:69:\"a:1:{s:12:\"tfield-point\";a:1:{s:4:\"fort\";a:1:{s:6:\"2-1217\";s:0:\"\";}}}\";\";\";\";","point_fort_3":"s:93:\"s:85:\"s:77:\"s:69:\"a:1:{s:12:\"tfield-point\";a:1:{s:4:\"fort\";a:1:{s:6:\"3-1217\";s:0:\"\";}}}\";\";\";\";","diapo_photos":{"titre":"","texte":"","images":null},"blog":{"titre":"","texte":""},"destinations_similaires":{"titre":"Campingpl\u00e4tze in Frankreich, die einen Fahrradverleih anbieten","sous-titre":"s:119:\"s:110:\"s:101:\"s:93:\"a:1:{s:19:\"tfield-destinations\";a:1:{s:10:\"similaires\";a:1:{s:15:\"sous-titre-1217\";s:0:\"\";}}}\";\";\";\";","texte":"Machen Sie einen Campingurlaub inmitten herrlicher Landschaften und erkunden Sie die Region mit dem Fahrrad! Falls Sie nicht \u00fcber die passende Ausr\u00fcstung verf\u00fcgen, k\u00f6nnen Sie gerne Fahrr\u00e4der und Mountainbikes auf dem Campingplatz ausleihen. "},"destinations_en_relation":{"vignettes":[{"destination":1163,"texte_bouton":"Entdecken Sie"},{"destination":921,"texte_bouton":"Entdecken Sie"},{"destination":926,"texte_bouton":"Entdecken Sie"},{"destination":936,"texte_bouton":"Entdecken Sie"},{"destination":941,"texte_bouton":"Entdecken Sie"}],"texte":""},"j_son_ld":"","avis":{"titre":""},"h2_accordeon":"s:81:\"s:73:\"s:65:\"s:57:\"a:1:{s:9:\"tfield-h2\";a:1:{s:14:\"accordeon-1217\";s:0:\"\";}}\";\";\";\";","accordeon":null},"yoast_head":"<!-- This site is optimized with the Yoast SEO plugin v28.3 - https:\/\/yoast.com\/product\/yoast-seo-wordpress\/ -->\n<title>campings avec location de v\u00e9lo : r\u00e9servez votre v\u00e9lo en avance<\/title>\n<meta name=\"description\" content=\"Vous souhaitez savoir si votre camping propose des v\u00e9los \u00e0 la location ? D\u00e9couvrez la location de v\u00e9lo et les modalit\u00e9s dans nos diff\u00e9rents campings Ciela Village\" \/>\n<meta name=\"robots\" content=\"index, follow, max-snippet:-1, max-image-preview:large, max-video-preview:-1\" \/>\n<link rel=\"canonical\" href=\"https:\/\/cielavillage.fr\/de\/service-campings\/fahrradverleih\/\" \/>\n<meta property=\"og:locale\" content=\"de_DE\" \/>\n<meta property=\"og:type\" content=\"article\" \/>\n<meta property=\"og:title\" content=\"campings avec location de v\u00e9lo : r\u00e9servez votre v\u00e9lo en avance\" \/>\n<meta property=\"og:description\" content=\"Vous souhaitez savoir si votre camping propose des v\u00e9los \u00e0 la location ? D\u00e9couvrez la location de v\u00e9lo et les modalit\u00e9s dans nos diff\u00e9rents campings Ciela Village\" \/>\n<meta property=\"og:url\" content=\"https:\/\/cielavillage.fr\/de\/service-campings\/fahrradverleih\/\" \/>\n<meta property=\"og:site_name\" content=\"Ciela Village\" \/>\n<meta name=\"twitter:card\" content=\"summary_large_image\" \/>\n<script type=\"application\/ld+json\" class=\"yoast-schema-graph\">{\"@context\":\"https:\\\/\\\/schema.org\",\"@graph\":[{\"@type\":\"CollectionPage\",\"@id\":\"https:\\\/\\\/cielavillage.fr\\\/de\\\/service-campings\\\/fahrradverleih\\\/\",\"url\":\"https:\\\/\\\/cielavillage.fr\\\/de\\\/service-campings\\\/fahrradverleih\\\/\",\"name\":\"campings avec location de v\u00e9lo : r\u00e9servez votre v\u00e9lo en avance\",\"isPartOf\":{\"@id\":\"https:\\\/\\\/cielavillage.fr\\\/de\\\/#website\"},\"description\":\"Vous souhaitez savoir si votre camping propose des v\u00e9los \u00e0 la location ? D\u00e9couvrez la location de v\u00e9lo et les modalit\u00e9s dans nos diff\u00e9rents campings Ciela Village\",\"breadcrumb\":{\"@id\":\"https:\\\/\\\/cielavillage.fr\\\/de\\\/service-campings\\\/fahrradverleih\\\/#breadcrumb\"},\"inLanguage\":\"de\"},{\"@type\":\"BreadcrumbList\",\"@id\":\"https:\\\/\\\/cielavillage.fr\\\/de\\\/service-campings\\\/fahrradverleih\\\/#breadcrumb\",\"itemListElement\":[{\"@type\":\"ListItem\",\"position\":1,\"name\":\"Ciela Village\",\"item\":\"https:\\\/\\\/cielavillage.fr\\\/de\\\/\"},{\"@type\":\"ListItem\",\"position\":2,\"name\":\"Fahrradverleih\"}]},{\"@type\":\"WebSite\",\"@id\":\"https:\\\/\\\/cielavillage.fr\\\/de\\\/#website\",\"url\":\"https:\\\/\\\/cielavillage.fr\\\/de\\\/\",\"name\":\"Ciela Village\",\"description\":\"\",\"potentialAction\":[{\"@type\":\"SearchAction\",\"target\":{\"@type\":\"EntryPoint\",\"urlTemplate\":\"https:\\\/\\\/cielavillage.fr\\\/de\\\/?s={search_term_string}\"},\"query-input\":{\"@type\":\"PropertyValueSpecification\",\"valueRequired\":true,\"valueName\":\"search_term_string\"}}],\"inLanguage\":\"de\"}]}<\/script>\n<!-- \/ Yoast SEO plugin. -->","yoast_head_json":{"title":"campings avec location de v\u00e9lo : r\u00e9servez votre v\u00e9lo en avance","description":"Vous souhaitez savoir si votre camping propose des v\u00e9los \u00e0 la location ? D\u00e9couvrez la location de v\u00e9lo et les modalit\u00e9s dans nos diff\u00e9rents campings Ciela Village","robots":{"index":"index","follow":"follow","max-snippet":"max-snippet:-1","max-image-preview":"max-image-preview:large","max-video-preview":"max-video-preview:-1"},"canonical":"https:\/\/cielavillage.fr\/de\/service-campings\/fahrradverleih\/","og_locale":"de_DE","og_type":"article","og_title":"campings avec location de v\u00e9lo : r\u00e9servez votre v\u00e9lo en avance","og_description":"Vous souhaitez savoir si votre camping propose des v\u00e9los \u00e0 la location ? D\u00e9couvrez la location de v\u00e9lo et les modalit\u00e9s dans nos diff\u00e9rents campings Ciela Village","og_url":"https:\/\/cielavillage.fr\/de\/service-campings\/fahrradverleih\/","og_site_name":"Ciela Village","twitter_card":"summary_large_image","schema":{"@context":"https:\/\/schema.org","@graph":[{"@type":"CollectionPage","@id":"https:\/\/cielavillage.fr\/de\/service-campings\/fahrradverleih\/","url":"https:\/\/cielavillage.fr\/de\/service-campings\/fahrradverleih\/","name":"campings avec location de v\u00e9lo : r\u00e9servez votre v\u00e9lo en avance","isPartOf":{"@id":"https:\/\/cielavillage.fr\/de\/#website"},"description":"Vous souhaitez savoir si votre camping propose des v\u00e9los \u00e0 la location ? D\u00e9couvrez la location de v\u00e9lo et les modalit\u00e9s dans nos diff\u00e9rents campings Ciela Village","breadcrumb":{"@id":"https:\/\/cielavillage.fr\/de\/service-campings\/fahrradverleih\/#breadcrumb"},"inLanguage":"de"},{"@type":"BreadcrumbList","@id":"https:\/\/cielavillage.fr\/de\/service-campings\/fahrradverleih\/#breadcrumb","itemListElement":[{"@type":"ListItem","position":1,"name":"Ciela Village","item":"https:\/\/cielavillage.fr\/de\/"},{"@type":"ListItem","position":2,"name":"Fahrradverleih"}]},{"@type":"WebSite","@id":"https:\/\/cielavillage.fr\/de\/#website","url":"https:\/\/cielavillage.fr\/de\/","name":"Ciela Village","description":"","potentialAction":[{"@type":"SearchAction","target":{"@type":"EntryPoint","urlTemplate":"https:\/\/cielavillage.fr\/de\/?s={search_term_string}"},"query-input":{"@type":"PropertyValueSpecification","valueRequired":true,"valueName":"search_term_string"}}],"inLanguage":"de"}]}},"_links":{"self":[{"href":"https:\/\/cielavillage.fr\/de\/wp-json\/wp\/v2\/service\/348","targetHints":{"allow":["GET"]}}],"collection":[{"href":"https:\/\/cielavillage.fr\/de\/wp-json\/wp\/v2\/service"}],"about":[{"href":"https:\/\/cielavillage.fr\/de\/wp-json\/wp\/v2\/taxonomies\/service"}]}}